[{"@context":"https:\/\/schema.org\/","@type":"Article","@id":"https:\/\/www.esei.cz\/pokud-chcete-poradat-jakekoli-shromazdeni-muzete-u-nas\/#Article","mainEntityOfPage":"https:\/\/www.esei.cz\/pokud-chcete-poradat-jakekoli-shromazdeni-muzete-u-nas\/","headline":"Pokud chcete po\u0159\u00e1dat jak\u00e9koli shrom\u00e1\u017ed\u011bn\u00ed, m\u016f\u017eete u n\u00e1s","name":"Pokud chcete po\u0159\u00e1dat jak\u00e9koli shrom\u00e1\u017ed\u011bn\u00ed, m\u016f\u017eete u n\u00e1s","description":"Rozhodli jste se, \u017ee budete po\u0159\u00e1dat shrom\u00e1\u017ed\u011bn\u00ed zam\u011bstnanc\u016f va\u0161\u00ed firmy nebo jak\u00e9koli jin\u00e9 v\u011bt\u0161\u00ed skupiny v Plzni? Chcete naj\u00edt modern\u00ed a hezk\u00e9 prostory, kter\u00e9 v\u00e1m budou ve v\u0161em vyhovovat, a m\u016f\u017eete se tam sej\u00edt s doopravdy velkou skupinou lid\u00ed? Kongresov\u00e9 centrum, kter\u00e9 pro v\u00e1s m\u00e1 hotel Primavera v Plzni je t\u00edm prav\u00fdm m\u00edstem, kde m\u016f\u017eete [&hellip;]","datePublished":"2024-04-02","dateModified":"2024-04-02","author":{"@type":"Person","@id":"https:\/\/www.esei.cz\/author\/#Person","name":"","url":"https:\/\/www.esei.cz\/author\/","identifier":1,"image":{"@type":"ImageObject","@id":"https:\/\/secure.gravatar.com\/avatar\/aa13f0f1a5b61a2deba1492ce3bb4afe8e77d91eeb44c23db0ee08765a93abad?s=96&d=mm&r=g","url":"https:\/\/secure.gravatar.com\/avatar\/aa13f0f1a5b61a2deba1492ce3bb4afe8e77d91eeb44c23db0ee08765a93abad?s=96&d=mm&r=g","height":96,"width":96}},"publisher":{"@type":"Organization","name":"esei.cz","logo":{"@type":"ImageObject","@id":"\/logo.png","url":"\/logo.png","width":600,"height":60}},"url":"https:\/\/www.esei.cz\/pokud-chcete-poradat-jakekoli-shromazdeni-muzete-u-nas\/","wordCount":236,"articleBody":"Rozhodli jste se, \u017ee budete po\u0159\u00e1dat shrom\u00e1\u017ed\u011bn\u00ed zam\u011bstnanc\u016f va\u0161\u00ed firmy nebo jak\u00e9koli jin\u00e9 v\u011bt\u0161\u00ed skupiny v Plzni? Chcete naj\u00edt modern\u00ed a hezk\u00e9 prostory, kter\u00e9 v\u00e1m budou ve v\u0161em vyhovovat, a m\u016f\u017eete se tam sej\u00edt s doopravdy velkou skupinou lid\u00ed? Kongresov\u00e9 centrum, kter\u00e9 pro v\u00e1s m\u00e1 hotel Primavera v Plzni je t\u00edm prav\u00fdm m\u00edstem, kde m\u016f\u017eete tyto shrom\u00e1\u017ed\u011bn\u00ed konat. Nab\u00edz\u00edme v\u00e1m velk\u00e9 prostory, kter\u00e9 si m\u016f\u017eete upravit podle va\u0161ich po\u017eadavk\u016f a dozajista v\u00e1m budou ve v\u0161em vyhovovat. D\u00edky tomu si n\u00e1s obl\u00edbilo mnoho lid\u00ed a firem nejen z bl\u00edzk\u00e9ho okol\u00ed, ale i z v\u011bt\u0161\u00edch d\u00e1lek. Obra\u0165te se na n\u00e1s i vy a garantujeme v\u00e1m, \u017ee se k nim tak\u00e9 p\u0159ipoj\u00edte.\tM\u00e1me velmi v\u00fdhodn\u00e9 cenyNa\u0161e kongresov\u00e9 centrum v\u00e1m nab\u00edz\u00edme za velmi v\u00fdhodn\u00e9 ceny. D\u00edky tomu se v\u00e1m u n\u00e1s doopravdy vyplat\u00ed d\u011blat jakoukoli akci, proto\u017ee pokud si srovn\u00e1te nab\u00edzen\u00fd komfort a kvalitu s na\u0161imi cenami, sami uzn\u00e1te, \u017ee je to doopravdy v\u00fdhodn\u00e9. Nev\u00e1hejte a kontaktujte n\u00e1s s jak\u00fdmikoli va\u0161imi dotazy. R\u00e1di v\u00e1m je zodpov\u00edme a na v\u0161em se v\u017edy dohodneme.                                                                                                                                                                                                                                                                                                                                                                                        5\/5 - (2 votes)        "},{"@context":"https:\/\/schema.org\/","@type":"BreadcrumbList","itemListElement":[{"@type":"ListItem","position":1,"name":"Pokud chcete po\u0159\u00e1dat jak\u00e9koli shrom\u00e1\u017ed\u011bn\u00ed, m\u016f\u017eete u n\u00e1s","item":"https:\/\/www.esei.cz\/pokud-chcete-poradat-jakekoli-shromazdeni-muzete-u-nas\/#breadcrumbitem"}]}]