[{"@context":"https:\/\/schema.org\/","@type":"Blog","@id":"https:\/\/www.esei.cz#Blog","headline":"Esei","description":"\nChcete, aby se o v\u00e1s nap\u0159\u00ed\u010d cel\u00fdm sv\u011btem nesly jenom sam\u00e9 chvalozp\u011bvy? Pak vsa\u010fte na reklamu, ji\u017e v\u00e1m i v\u00e1m podobn\u00fdm nab\u00edz\u00ed pr\u00e1v\u011b a mo\u017en\u00e1 i pouze n\u00e1\u0161 web.","url":"https:\/\/www.esei.cz","hasPart":[{"@type":"Article","@id":"https:\/\/www.esei.cz\/spanek-neni-radno-podcenit\/","headline":"Sp\u00e1nek nen\u00ed radno podcenit","url":"https:\/\/www.esei.cz\/spanek-neni-radno-podcenit\/","datePublished":"2025-06-05","dateModified":"2025-06-05","mainEntityOfPage":"https:\/\/www.esei.cz\/spanek-neni-radno-podcenit\/","author":{"@type":"Person","@id":"https:\/\/www.esei.cz\/author\/#Person","name":"","url":"https:\/\/www.esei.cz\/author\/","identifier":1,"image":{"@type":"ImageObject","@id":"https:\/\/secure.gravatar.com\/avatar\/aa13f0f1a5b61a2deba1492ce3bb4afe8e77d91eeb44c23db0ee08765a93abad?s=96&d=mm&r=g","url":"https:\/\/secure.gravatar.com\/avatar\/aa13f0f1a5b61a2deba1492ce3bb4afe8e77d91eeb44c23db0ee08765a93abad?s=96&d=mm&r=g","height":96,"width":96}},"publisher":{"@type":"Organization","name":"esei.cz","logo":{"@type":"ImageObject","@id":"\/logo.png","url":"\/logo.png","width":600,"height":60}},"image":{"@type":"ImageObject","@id":"https:\/\/www.esei.cz\/wp-content\/uploads\/bed-1836316_640(1).jpg","url":"https:\/\/www.esei.cz\/wp-content\/uploads\/bed-1836316_640(1).jpg","height":0,"width":0},"wordCount":571,"keywords":null},{"@type":"Article","@id":"https:\/\/www.esei.cz\/kde-si-vzit-pujcku\/","headline":"Kde si vz\u00edt p\u016fj\u010dku?","url":"https:\/\/www.esei.cz\/kde-si-vzit-pujcku\/","datePublished":"2025-05-18","dateModified":"2025-05-18","mainEntityOfPage":"https:\/\/www.esei.cz\/kde-si-vzit-pujcku\/","author":{"@type":"Person","@id":"https:\/\/www.esei.cz\/author\/#Person","name":"","url":"https:\/\/www.esei.cz\/author\/","identifier":1,"image":{"@type":"ImageObject","@id":"https:\/\/secure.gravatar.com\/avatar\/aa13f0f1a5b61a2deba1492ce3bb4afe8e77d91eeb44c23db0ee08765a93abad?s=96&d=mm&r=g","url":"https:\/\/secure.gravatar.com\/avatar\/aa13f0f1a5b61a2deba1492ce3bb4afe8e77d91eeb44c23db0ee08765a93abad?s=96&d=mm&r=g","height":96,"width":96}},"publisher":{"@type":"Organization","name":"esei.cz","logo":{"@type":"ImageObject","@id":"\/logo.png","url":"\/logo.png","width":600,"height":60}},"image":{"@type":"ImageObject","@id":"https:\/\/www.esei.cz\/wp-content\/uploads\/pppppppppppppppppppppppppppppppppppppppppppppppppppppppppppppppppppppppppppppppppppppppppppp_3.jpg","url":"https:\/\/www.esei.cz\/wp-content\/uploads\/pppppppppppppppppppppppppppppppppppppppppppppppppppppppppppppppppppppppppppppppppppppppppppp_3.jpg","height":0,"width":0},"wordCount":600,"keywords":null},{"@type":"Article","@id":"https:\/\/www.esei.cz\/konopne-vino\/","headline":"Konopn\u00e9 v\u00edno","url":"https:\/\/www.esei.cz\/konopne-vino\/","datePublished":"2025-04-26","dateModified":"2025-04-26","mainEntityOfPage":"https:\/\/www.esei.cz\/konopne-vino\/","author":{"@type":"Person","@id":"https:\/\/www.esei.cz\/author\/#Person","name":"","url":"https:\/\/www.esei.cz\/author\/","identifier":1,"image":{"@type":"ImageObject","@id":"https:\/\/secure.gravatar.com\/avatar\/aa13f0f1a5b61a2deba1492ce3bb4afe8e77d91eeb44c23db0ee08765a93abad?s=96&d=mm&r=g","url":"https:\/\/secure.gravatar.com\/avatar\/aa13f0f1a5b61a2deba1492ce3bb4afe8e77d91eeb44c23db0ee08765a93abad?s=96&d=mm&r=g","height":96,"width":96}},"publisher":{"@type":"Organization","name":"esei.cz","logo":{"@type":"ImageObject","@id":"\/logo.png","url":"\/logo.png","width":600,"height":60}},"image":null,"wordCount":229,"keywords":null},{"@type":"Article","@id":"https:\/\/www.esei.cz\/u-nas-najdete-ty-nejlepsi-rekonstrukce-bytu\/","headline":"U n\u00e1s najdete ty nejlep\u0161\u00ed rekonstrukce byt\u016f","url":"https:\/\/www.esei.cz\/u-nas-najdete-ty-nejlepsi-rekonstrukce-bytu\/","datePublished":"2025-04-22","dateModified":"2025-04-22","mainEntityOfPage":"https:\/\/www.esei.cz\/u-nas-najdete-ty-nejlepsi-rekonstrukce-bytu\/","author":{"@type":"Person","@id":"https:\/\/www.esei.cz\/author\/#Person","name":"","url":"https:\/\/www.esei.cz\/author\/","identifier":1,"image":{"@type":"ImageObject","@id":"https:\/\/secure.gravatar.com\/avatar\/aa13f0f1a5b61a2deba1492ce3bb4afe8e77d91eeb44c23db0ee08765a93abad?s=96&d=mm&r=g","url":"https:\/\/secure.gravatar.com\/avatar\/aa13f0f1a5b61a2deba1492ce3bb4afe8e77d91eeb44c23db0ee08765a93abad?s=96&d=mm&r=g","height":96,"width":96}},"publisher":{"@type":"Organization","name":"esei.cz","logo":{"@type":"ImageObject","@id":"\/logo.png","url":"\/logo.png","width":600,"height":60}},"image":null,"wordCount":280,"keywords":null},{"@type":"Article","@id":"https:\/\/www.esei.cz\/mit-vlastni-auto-neni-zadny-med\/","headline":"M\u00edt vlastn\u00ed auto nen\u00ed \u017e\u00e1dn\u00fd med","url":"https:\/\/www.esei.cz\/mit-vlastni-auto-neni-zadny-med\/","datePublished":"2025-04-19","dateModified":"2025-04-19","mainEntityOfPage":"https:\/\/www.esei.cz\/mit-vlastni-auto-neni-zadny-med\/","author":{"@type":"Person","@id":"https:\/\/www.esei.cz\/author\/#Person","name":"","url":"https:\/\/www.esei.cz\/author\/","identifier":1,"image":{"@type":"ImageObject","@id":"https:\/\/secure.gravatar.com\/avatar\/aa13f0f1a5b61a2deba1492ce3bb4afe8e77d91eeb44c23db0ee08765a93abad?s=96&d=mm&r=g","url":"https:\/\/secure.gravatar.com\/avatar\/aa13f0f1a5b61a2deba1492ce3bb4afe8e77d91eeb44c23db0ee08765a93abad?s=96&d=mm&r=g","height":96,"width":96}},"publisher":{"@type":"Organization","name":"esei.cz","logo":{"@type":"ImageObject","@id":"\/logo.png","url":"\/logo.png","width":600,"height":60}},"image":{"@type":"ImageObject","@id":"https:\/\/www.esei.cz\/wp-content\/uploads\/automobile-8078415_640.jpg","url":"https:\/\/www.esei.cz\/wp-content\/uploads\/automobile-8078415_640.jpg","height":0,"width":0},"wordCount":600,"keywords":null},{"@type":"Article","@id":"https:\/\/www.esei.cz\/nezavirame-ani-o-svatcich\/","headline":"Nezav\u00edr\u00e1me ani o sv\u00e1tc\u00edch","url":"https:\/\/www.esei.cz\/nezavirame-ani-o-svatcich\/","datePublished":"2025-04-13","dateModified":"2025-04-13","mainEntityOfPage":"https:\/\/www.esei.cz\/nezavirame-ani-o-svatcich\/","author":{"@type":"Person","@id":"https:\/\/www.esei.cz\/author\/#Person","name":"","url":"https:\/\/www.esei.cz\/author\/","identifier":1,"image":{"@type":"ImageObject","@id":"https:\/\/secure.gravatar.com\/avatar\/aa13f0f1a5b61a2deba1492ce3bb4afe8e77d91eeb44c23db0ee08765a93abad?s=96&d=mm&r=g","url":"https:\/\/secure.gravatar.com\/avatar\/aa13f0f1a5b61a2deba1492ce3bb4afe8e77d91eeb44c23db0ee08765a93abad?s=96&d=mm&r=g","height":96,"width":96}},"publisher":{"@type":"Organization","name":"esei.cz","logo":{"@type":"ImageObject","@id":"\/logo.png","url":"\/logo.png","width":600,"height":60}},"image":null,"wordCount":220,"keywords":null},{"@type":"Article","@id":"https:\/\/www.esei.cz\/co-pouzit-pri-bolesti\/","headline":"Co pou\u017e\u00edt p\u0159i bolesti","url":"https:\/\/www.esei.cz\/co-pouzit-pri-bolesti\/","datePublished":"2025-04-05","dateModified":"2025-04-05","mainEntityOfPage":"https:\/\/www.esei.cz\/co-pouzit-pri-bolesti\/","author":{"@type":"Person","@id":"https:\/\/www.esei.cz\/author\/#Person","name":"","url":"https:\/\/www.esei.cz\/author\/","identifier":1,"image":{"@type":"ImageObject","@id":"https:\/\/secure.gravatar.com\/avatar\/aa13f0f1a5b61a2deba1492ce3bb4afe8e77d91eeb44c23db0ee08765a93abad?s=96&d=mm&r=g","url":"https:\/\/secure.gravatar.com\/avatar\/aa13f0f1a5b61a2deba1492ce3bb4afe8e77d91eeb44c23db0ee08765a93abad?s=96&d=mm&r=g","height":96,"width":96}},"publisher":{"@type":"Organization","name":"esei.cz","logo":{"@type":"ImageObject","@id":"\/logo.png","url":"\/logo.png","width":600,"height":60}},"image":null,"wordCount":206,"keywords":null},{"@type":"Article","@id":"https:\/\/www.esei.cz\/jak-vybrat-ten-spravny-rezervacni-system-pro-vase-sportoviste\/","headline":"Jak vybrat ten spr\u00e1vn\u00fd rezerva\u010dn\u00ed syst\u00e9m pro va\u0161e sportovi\u0161t\u011b?","url":"https:\/\/www.esei.cz\/jak-vybrat-ten-spravny-rezervacni-system-pro-vase-sportoviste\/","datePublished":"2025-03-29","dateModified":"2025-03-29","mainEntityOfPage":"https:\/\/www.esei.cz\/jak-vybrat-ten-spravny-rezervacni-system-pro-vase-sportoviste\/","author":{"@type":"Person","@id":"https:\/\/www.esei.cz\/author\/#Person","name":"","url":"https:\/\/www.esei.cz\/author\/","identifier":1,"image":{"@type":"ImageObject","@id":"https:\/\/secure.gravatar.com\/avatar\/aa13f0f1a5b61a2deba1492ce3bb4afe8e77d91eeb44c23db0ee08765a93abad?s=96&d=mm&r=g","url":"https:\/\/secure.gravatar.com\/avatar\/aa13f0f1a5b61a2deba1492ce3bb4afe8e77d91eeb44c23db0ee08765a93abad?s=96&d=mm&r=g","height":96,"width":96}},"publisher":{"@type":"Organization","name":"esei.cz","logo":{"@type":"ImageObject","@id":"\/logo.png","url":"\/logo.png","width":600,"height":60}},"image":{"@type":"ImageObject","@id":"https:\/\/www.esei.cz\/wp-content\/uploads\/alora-griffiths-LOnMc8Rp1Qs-unsplash%20(1).jpg","url":"https:\/\/www.esei.cz\/wp-content\/uploads\/alora-griffiths-LOnMc8Rp1Qs-unsplash%20(1).jpg","height":0,"width":0},"wordCount":636,"keywords":null},{"@type":"Article","@id":"https:\/\/www.esei.cz\/pro-obec-se-muzete-pretrhnout\/","headline":"Pro obec se m\u016f\u017eete p\u0159etrhnout","url":"https:\/\/www.esei.cz\/pro-obec-se-muzete-pretrhnout\/","datePublished":"2025-03-28","dateModified":"2025-03-28","mainEntityOfPage":"https:\/\/www.esei.cz\/pro-obec-se-muzete-pretrhnout\/","author":{"@type":"Person","@id":"https:\/\/www.esei.cz\/author\/#Person","name":"","url":"https:\/\/www.esei.cz\/author\/","identifier":1,"image":{"@type":"ImageObject","@id":"https:\/\/secure.gravatar.com\/avatar\/aa13f0f1a5b61a2deba1492ce3bb4afe8e77d91eeb44c23db0ee08765a93abad?s=96&d=mm&r=g","url":"https:\/\/secure.gravatar.com\/avatar\/aa13f0f1a5b61a2deba1492ce3bb4afe8e77d91eeb44c23db0ee08765a93abad?s=96&d=mm&r=g","height":96,"width":96}},"publisher":{"@type":"Organization","name":"esei.cz","logo":{"@type":"ImageObject","@id":"\/logo.png","url":"\/logo.png","width":600,"height":60}},"image":null,"wordCount":225,"keywords":null},{"@type":"Article","@id":"https:\/\/www.esei.cz\/batohy-treksport\/","headline":"Batohy Treksport","url":"https:\/\/www.esei.cz\/batohy-treksport\/","datePublished":"2025-03-20","dateModified":"2025-03-20","mainEntityOfPage":"https:\/\/www.esei.cz\/batohy-treksport\/","author":{"@type":"Person","@id":"https:\/\/www.esei.cz\/author\/#Person","name":"","url":"https:\/\/www.esei.cz\/author\/","identifier":1,"image":{"@type":"ImageObject","@id":"https:\/\/secure.gravatar.com\/avatar\/aa13f0f1a5b61a2deba1492ce3bb4afe8e77d91eeb44c23db0ee08765a93abad?s=96&d=mm&r=g","url":"https:\/\/secure.gravatar.com\/avatar\/aa13f0f1a5b61a2deba1492ce3bb4afe8e77d91eeb44c23db0ee08765a93abad?s=96&d=mm&r=g","height":96,"width":96}},"publisher":{"@type":"Organization","name":"esei.cz","logo":{"@type":"ImageObject","@id":"\/logo.png","url":"\/logo.png","width":600,"height":60}},"image":null,"wordCount":223,"keywords":null}]},{"@context":"https:\/\/schema.org","@type":"WebSite","@id":"https:\/\/www.esei.cz\/#website","name":"Esei","url":"https:\/\/www.esei.cz","potentialAction":{"@type":"SearchAction","target":"https:\/\/www.esei.cz\/?s={search_term_string}","query-input":"required name=search_term_string"}}]