[{"@context":"https:\/\/schema.org\/","@type":"Blog","@id":"https:\/\/www.esei.cz#Blog","headline":"Esei","description":"\nChcete, aby se o v\u00e1s nap\u0159\u00ed\u010d cel\u00fdm sv\u011btem nesly jenom sam\u00e9 chvalozp\u011bvy? Pak vsa\u010fte na reklamu, ji\u017e v\u00e1m i v\u00e1m podobn\u00fdm nab\u00edz\u00ed pr\u00e1v\u011b a mo\u017en\u00e1 i pouze n\u00e1\u0161 web.","url":"https:\/\/www.esei.cz","hasPart":[{"@type":"Article","@id":"https:\/\/www.esei.cz\/solarni-sprcha-bajecny-doplnek-zahrady-nejenom-v-horkych-letnich-dnech\/","headline":"Sol\u00e1rn\u00ed sprcha, b\u00e1je\u010dn\u00fd dopln\u011bk zahrady nejenom v hork\u00fdch letn\u00edch dnech","url":"https:\/\/www.esei.cz\/solarni-sprcha-bajecny-doplnek-zahrady-nejenom-v-horkych-letnich-dnech\/","datePublished":"2019-02-16","dateModified":"2023-05-19","mainEntityOfPage":"https:\/\/www.esei.cz\/solarni-sprcha-bajecny-doplnek-zahrady-nejenom-v-horkych-letnich-dnech\/","author":{"@type":"Person","@id":"https:\/\/www.esei.cz\/author\/#Person","name":"","url":"https:\/\/www.esei.cz\/author\/","identifier":1,"image":{"@type":"ImageObject","@id":"https:\/\/secure.gravatar.com\/avatar\/aa13f0f1a5b61a2deba1492ce3bb4afe8e77d91eeb44c23db0ee08765a93abad?s=96&d=mm&r=g","url":"https:\/\/secure.gravatar.com\/avatar\/aa13f0f1a5b61a2deba1492ce3bb4afe8e77d91eeb44c23db0ee08765a93abad?s=96&d=mm&r=g","height":96,"width":96}},"publisher":{"@type":"Organization","name":"esei.cz","logo":{"@type":"ImageObject","@id":"\/logo.png","url":"\/logo.png","width":600,"height":60}},"image":{"@type":"ImageObject","@id":"https:\/\/www.esei.cz\/wp-content\/uploads\/img_a341650_w1693_t1554368262.jpg","url":"https:\/\/www.esei.cz\/wp-content\/uploads\/img_a341650_w1693_t1554368262.jpg","height":0,"width":0},"wordCount":665,"keywords":null},{"@type":"Article","@id":"https:\/\/www.esei.cz\/zanedbavame-sve-kulturni-vyziti\/","headline":"Zanedb\u00e1v\u00e1me sv\u00e9 kulturn\u00ed vy\u017eit\u00ed","url":"https:\/\/www.esei.cz\/zanedbavame-sve-kulturni-vyziti\/","datePublished":"2019-02-11","dateModified":"2023-05-19","mainEntityOfPage":"https:\/\/www.esei.cz\/zanedbavame-sve-kulturni-vyziti\/","author":{"@type":"Person","@id":"https:\/\/www.esei.cz\/author\/#Person","name":"","url":"https:\/\/www.esei.cz\/author\/","identifier":1,"image":{"@type":"ImageObject","@id":"https:\/\/secure.gravatar.com\/avatar\/aa13f0f1a5b61a2deba1492ce3bb4afe8e77d91eeb44c23db0ee08765a93abad?s=96&d=mm&r=g","url":"https:\/\/secure.gravatar.com\/avatar\/aa13f0f1a5b61a2deba1492ce3bb4afe8e77d91eeb44c23db0ee08765a93abad?s=96&d=mm&r=g","height":96,"width":96}},"publisher":{"@type":"Organization","name":"esei.cz","logo":{"@type":"ImageObject","@id":"\/logo.png","url":"\/logo.png","width":600,"height":60}},"image":{"@type":"ImageObject","@id":"https:\/\/www.esei.cz\/wp-content\/uploads\/img_a337222_w2126_t1550421486.jpg","url":"https:\/\/www.esei.cz\/wp-content\/uploads\/img_a337222_w2126_t1550421486.jpg","height":0,"width":0},"wordCount":475,"keywords":null},{"@type":"Article","@id":"https:\/\/www.esei.cz\/zastavme-se-dokud-je-jeste-cas\/","headline":"Zastavme se, dokud je je\u0161t\u011b \u010das","url":"https:\/\/www.esei.cz\/zastavme-se-dokud-je-jeste-cas\/","datePublished":"2019-02-02","dateModified":"2024-07-07","mainEntityOfPage":"https:\/\/www.esei.cz\/zastavme-se-dokud-je-jeste-cas\/","author":{"@type":"Person","@id":"https:\/\/www.esei.cz\/author\/#Person","name":"","url":"https:\/\/www.esei.cz\/author\/","identifier":1,"image":{"@type":"ImageObject","@id":"https:\/\/secure.gravatar.com\/avatar\/aa13f0f1a5b61a2deba1492ce3bb4afe8e77d91eeb44c23db0ee08765a93abad?s=96&d=mm&r=g","url":"https:\/\/secure.gravatar.com\/avatar\/aa13f0f1a5b61a2deba1492ce3bb4afe8e77d91eeb44c23db0ee08765a93abad?s=96&d=mm&r=g","height":96,"width":96}},"publisher":{"@type":"Organization","name":"esei.cz","logo":{"@type":"ImageObject","@id":"\/logo.png","url":"\/logo.png","width":600,"height":60}},"image":{"@type":"ImageObject","@id":"https:\/\/www.esei.cz\/wp-content\/uploads\/img_a340501_w1744_t1553497885.jpg","url":"https:\/\/www.esei.cz\/wp-content\/uploads\/img_a340501_w1744_t1553497885.jpg","height":0,"width":0},"wordCount":567,"keywords":null},{"@type":"Article","@id":"https:\/\/www.esei.cz\/jak-dbat-na-kvalitu-vlasove-pokryvky\/","headline":"Jak db\u00e1t na kvalitu vlasov\u00e9 pokr\u00fdvky","url":"https:\/\/www.esei.cz\/jak-dbat-na-kvalitu-vlasove-pokryvky\/","datePublished":"2019-01-31","dateModified":"2023-05-19","mainEntityOfPage":"https:\/\/www.esei.cz\/jak-dbat-na-kvalitu-vlasove-pokryvky\/","author":{"@type":"Person","@id":"https:\/\/www.esei.cz\/author\/#Person","name":"","url":"https:\/\/www.esei.cz\/author\/","identifier":1,"image":{"@type":"ImageObject","@id":"https:\/\/secure.gravatar.com\/avatar\/aa13f0f1a5b61a2deba1492ce3bb4afe8e77d91eeb44c23db0ee08765a93abad?s=96&d=mm&r=g","url":"https:\/\/secure.gravatar.com\/avatar\/aa13f0f1a5b61a2deba1492ce3bb4afe8e77d91eeb44c23db0ee08765a93abad?s=96&d=mm&r=g","height":96,"width":96}},"publisher":{"@type":"Organization","name":"esei.cz","logo":{"@type":"ImageObject","@id":"\/logo.png","url":"\/logo.png","width":600,"height":60}},"image":{"@type":"ImageObject","@id":"https:\/\/www.esei.cz\/wp-content\/uploads\/img_a341328_w2514_t1554023720.jpg","url":"https:\/\/www.esei.cz\/wp-content\/uploads\/img_a341328_w2514_t1554023720.jpg","height":0,"width":0},"wordCount":504,"keywords":null},{"@type":"Article","@id":"https:\/\/www.esei.cz\/ta-spravna-kosile-do-zamestnani\/","headline":"Ta spr\u00e1vn\u00e1 ko\u0161ile do zam\u011bstn\u00e1n\u00ed!","url":"https:\/\/www.esei.cz\/ta-spravna-kosile-do-zamestnani\/","datePublished":"2019-01-25","dateModified":"2023-05-19","mainEntityOfPage":"https:\/\/www.esei.cz\/ta-spravna-kosile-do-zamestnani\/","author":{"@type":"Person","@id":"https:\/\/www.esei.cz\/author\/#Person","name":"","url":"https:\/\/www.esei.cz\/author\/","identifier":1,"image":{"@type":"ImageObject","@id":"https:\/\/secure.gravatar.com\/avatar\/aa13f0f1a5b61a2deba1492ce3bb4afe8e77d91eeb44c23db0ee08765a93abad?s=96&d=mm&r=g","url":"https:\/\/secure.gravatar.com\/avatar\/aa13f0f1a5b61a2deba1492ce3bb4afe8e77d91eeb44c23db0ee08765a93abad?s=96&d=mm&r=g","height":96,"width":96}},"publisher":{"@type":"Organization","name":"esei.cz","logo":{"@type":"ImageObject","@id":"\/logo.png","url":"\/logo.png","width":600,"height":60}},"image":{"@type":"ImageObject","@id":"https:\/\/www.esei.cz\/wp-content\/uploads\/img_a340598_w1693_t1553535079.jpg","url":"https:\/\/www.esei.cz\/wp-content\/uploads\/img_a340598_w1693_t1553535079.jpg","height":0,"width":0},"wordCount":510,"keywords":null},{"@type":"Article","@id":"https:\/\/www.esei.cz\/aby-byla-jako-nova\/","headline":"Aby byla jako nov\u00e1","url":"https:\/\/www.esei.cz\/aby-byla-jako-nova\/","datePublished":"2019-01-13","dateModified":"2023-05-19","mainEntityOfPage":"https:\/\/www.esei.cz\/aby-byla-jako-nova\/","author":{"@type":"Person","@id":"https:\/\/www.esei.cz\/author\/#Person","name":"","url":"https:\/\/www.esei.cz\/author\/","identifier":1,"image":{"@type":"ImageObject","@id":"https:\/\/secure.gravatar.com\/avatar\/aa13f0f1a5b61a2deba1492ce3bb4afe8e77d91eeb44c23db0ee08765a93abad?s=96&d=mm&r=g","url":"https:\/\/secure.gravatar.com\/avatar\/aa13f0f1a5b61a2deba1492ce3bb4afe8e77d91eeb44c23db0ee08765a93abad?s=96&d=mm&r=g","height":96,"width":96}},"publisher":{"@type":"Organization","name":"esei.cz","logo":{"@type":"ImageObject","@id":"\/logo.png","url":"\/logo.png","width":600,"height":60}},"image":{"@type":"ImageObject","@id":"https:\/\/www.esei.cz\/wp-content\/uploads\/img_a333450_w2331_t1546785326.jpg","url":"https:\/\/www.esei.cz\/wp-content\/uploads\/img_a333450_w2331_t1546785326.jpg","height":0,"width":0},"wordCount":519,"keywords":null},{"@type":"Article","@id":"https:\/\/www.esei.cz\/nejlepsi-zarovky\/","headline":"Nejlep\u0161\u00ed \u017e\u00e1rovky","url":"https:\/\/www.esei.cz\/nejlepsi-zarovky\/","datePublished":"2018-09-07","dateModified":"2023-10-10","mainEntityOfPage":"https:\/\/www.esei.cz\/nejlepsi-zarovky\/","author":{"@type":"Person","@id":"https:\/\/www.esei.cz\/author\/#Person","name":"","url":"https:\/\/www.esei.cz\/author\/","identifier":1,"image":{"@type":"ImageObject","@id":"https:\/\/secure.gravatar.com\/avatar\/aa13f0f1a5b61a2deba1492ce3bb4afe8e77d91eeb44c23db0ee08765a93abad?s=96&d=mm&r=g","url":"https:\/\/secure.gravatar.com\/avatar\/aa13f0f1a5b61a2deba1492ce3bb4afe8e77d91eeb44c23db0ee08765a93abad?s=96&d=mm&r=g","height":96,"width":96}},"publisher":{"@type":"Organization","name":"esei.cz","logo":{"@type":"ImageObject","@id":"\/logo.png","url":"\/logo.png","width":600,"height":60}},"image":{"@type":"ImageObject","@id":"https:\/\/www.esei.cz\/wp-content\/uploads\/img_a326794_w1740_t1538971209.jpg","url":"https:\/\/www.esei.cz\/wp-content\/uploads\/img_a326794_w1740_t1538971209.jpg","height":0,"width":0},"wordCount":2406,"keywords":null},{"@type":"Article","@id":"https:\/\/www.esei.cz\/byt-rodicem-neni-zadna-legrace\/","headline":"B\u00fdt rodi\u010dem nen\u00ed \u017e\u00e1dn\u00e1 legrace","url":"https:\/\/www.esei.cz\/byt-rodicem-neni-zadna-legrace\/","datePublished":"2018-09-01","dateModified":"2023-05-19","mainEntityOfPage":"https:\/\/www.esei.cz\/byt-rodicem-neni-zadna-legrace\/","author":{"@type":"Person","@id":"https:\/\/www.esei.cz\/author\/#Person","name":"","url":"https:\/\/www.esei.cz\/author\/","identifier":1,"image":{"@type":"ImageObject","@id":"https:\/\/secure.gravatar.com\/avatar\/aa13f0f1a5b61a2deba1492ce3bb4afe8e77d91eeb44c23db0ee08765a93abad?s=96&d=mm&r=g","url":"https:\/\/secure.gravatar.com\/avatar\/aa13f0f1a5b61a2deba1492ce3bb4afe8e77d91eeb44c23db0ee08765a93abad?s=96&d=mm&r=g","height":96,"width":96}},"publisher":{"@type":"Organization","name":"esei.cz","logo":{"@type":"ImageObject","@id":"\/logo.png","url":"\/logo.png","width":600,"height":60}},"image":{"@type":"ImageObject","@id":"https:\/\/www.esei.cz\/wp-content\/uploads\/img_a324864_w2128_t1536833660.jpg","url":"https:\/\/www.esei.cz\/wp-content\/uploads\/img_a324864_w2128_t1536833660.jpg","height":0,"width":0},"wordCount":607,"keywords":null},{"@type":"Article","@id":"https:\/\/www.esei.cz\/co-jsou-to-vlastne-ty-registry\/","headline":"Co jsou to vlastn\u011b ty registry","url":"https:\/\/www.esei.cz\/co-jsou-to-vlastne-ty-registry\/","datePublished":"2018-08-19","dateModified":"2018-08-19","mainEntityOfPage":"https:\/\/www.esei.cz\/co-jsou-to-vlastne-ty-registry\/","author":{"@type":"Person","@id":"https:\/\/www.esei.cz\/author\/#Person","name":"","url":"https:\/\/www.esei.cz\/author\/","identifier":1,"image":{"@type":"ImageObject","@id":"https:\/\/secure.gravatar.com\/avatar\/aa13f0f1a5b61a2deba1492ce3bb4afe8e77d91eeb44c23db0ee08765a93abad?s=96&d=mm&r=g","url":"https:\/\/secure.gravatar.com\/avatar\/aa13f0f1a5b61a2deba1492ce3bb4afe8e77d91eeb44c23db0ee08765a93abad?s=96&d=mm&r=g","height":96,"width":96}},"publisher":{"@type":"Organization","name":"esei.cz","logo":{"@type":"ImageObject","@id":"\/logo.png","url":"\/logo.png","width":600,"height":60}},"image":{"@type":"ImageObject","@id":"https:\/\/www.esei.cz\/wp-content\/uploads\/img_a322748_w1759_t1534503547.jpg","url":"https:\/\/www.esei.cz\/wp-content\/uploads\/img_a322748_w1759_t1534503547.jpg","height":0,"width":0},"wordCount":547,"keywords":null},{"@type":"Article","@id":"https:\/\/www.esei.cz\/aktivni-dovolena-na-sri-lance\/","headline":"Aktivn\u00ed dovolen\u00e1 na Sr\u00ed Lance","url":"https:\/\/www.esei.cz\/aktivni-dovolena-na-sri-lance\/","datePublished":"2018-08-17","dateModified":"2023-05-19","mainEntityOfPage":"https:\/\/www.esei.cz\/aktivni-dovolena-na-sri-lance\/","author":{"@type":"Person","@id":"https:\/\/www.esei.cz\/author\/#Person","name":"","url":"https:\/\/www.esei.cz\/author\/","identifier":1,"image":{"@type":"ImageObject","@id":"https:\/\/secure.gravatar.com\/avatar\/aa13f0f1a5b61a2deba1492ce3bb4afe8e77d91eeb44c23db0ee08765a93abad?s=96&d=mm&r=g","url":"https:\/\/secure.gravatar.com\/avatar\/aa13f0f1a5b61a2deba1492ce3bb4afe8e77d91eeb44c23db0ee08765a93abad?s=96&d=mm&r=g","height":96,"width":96}},"publisher":{"@type":"Organization","name":"esei.cz","logo":{"@type":"ImageObject","@id":"\/logo.png","url":"\/logo.png","width":600,"height":60}},"image":{"@type":"ImageObject","@id":"https:\/\/www.esei.cz\/wp-content\/uploads\/img_a322534_w2257_t1534233141.jpg","url":"https:\/\/www.esei.cz\/wp-content\/uploads\/img_a322534_w2257_t1534233141.jpg","height":0,"width":0},"wordCount":581,"keywords":null}]},{"@context":"https:\/\/schema.org","@type":"WebSite","@id":"https:\/\/www.esei.cz\/#website","name":"Esei","url":"https:\/\/www.esei.cz","potentialAction":{"@type":"SearchAction","target":"https:\/\/www.esei.cz\/?s={search_term_string}","query-input":"required name=search_term_string"}}]