[{"@context":"https:\/\/schema.org\/","@type":"Article","@id":"https:\/\/www.esei.cz\/nezavirame-ani-o-svatcich\/#Article","mainEntityOfPage":"https:\/\/www.esei.cz\/nezavirame-ani-o-svatcich\/","headline":"Nezav\u00edr\u00e1me ani o sv\u00e1tc\u00edch","name":"Nezav\u00edr\u00e1me ani o sv\u00e1tc\u00edch","description":"Hled\u00e1te \u0159e\u0161en\u00ed pokud se v\u00e1m rozbilo, \u010di prasklo \u010deln\u00ed, \u010di zadn\u00ed autosklo? Jsme tu pro v\u00e1s. Jsme autoskla Praha a prov\u00e1d\u00edme v\u00fdm\u011bnu a nebo opravu \u010deln\u00edch i zadn\u00edch autoskel. Vyu\u017eijte na\u0161ich slu\u017eeb, jsou zdarma a jsou tu pro celou Prahu a jej\u00ed okol\u00ed. Autoskla Praha oprav\u00ed, nebo vym\u011bn\u00ed skla jak na\u0161im, tak i zahrani\u010dn\u00edm vozidl\u016fm, [&hellip;]","datePublished":"2025-04-13","dateModified":"2025-04-13","author":{"@type":"Person","@id":"https:\/\/www.esei.cz\/author\/#Person","name":"","url":"https:\/\/www.esei.cz\/author\/","identifier":1,"image":{"@type":"ImageObject","@id":"https:\/\/secure.gravatar.com\/avatar\/aa13f0f1a5b61a2deba1492ce3bb4afe8e77d91eeb44c23db0ee08765a93abad?s=96&d=mm&r=g","url":"https:\/\/secure.gravatar.com\/avatar\/aa13f0f1a5b61a2deba1492ce3bb4afe8e77d91eeb44c23db0ee08765a93abad?s=96&d=mm&r=g","height":96,"width":96}},"publisher":{"@type":"Organization","name":"esei.cz","logo":{"@type":"ImageObject","@id":"\/logo.png","url":"\/logo.png","width":600,"height":60}},"url":"https:\/\/www.esei.cz\/nezavirame-ani-o-svatcich\/","wordCount":179,"articleBody":"Hled\u00e1te \u0159e\u0161en\u00ed pokud se v\u00e1m rozbilo, \u010di prasklo \u010deln\u00ed, \u010di zadn\u00ed autosklo? Jsme tu pro v\u00e1s. Jsme autoskla Praha a prov\u00e1d\u00edme v\u00fdm\u011bnu a nebo opravu \u010deln\u00edch i zadn\u00edch autoskel. Vyu\u017eijte na\u0161ich slu\u017eeb, jsou zdarma a jsou tu pro celou Prahu a jej\u00ed okol\u00ed.Autoskla Praha oprav\u00ed, nebo vym\u011bn\u00ed skla jak na\u0161im, tak i zahrani\u010dn\u00edm vozidl\u016fm, v\u0161ech zna\u010dek. P\u0159ijet k n\u00e1m m\u016f\u017eete s vozidlem osobn\u00edm i n\u00e1kladn\u00edm a p\u0159ijet m\u016f\u017eete kdykoliv. Vyu\u017eijte na\u0161ich slu\u017eeb, jsme rychl\u00ed a precizn\u00ed. Jsme tu pro v\u00e1s kdykoliv a to v\u010detn\u011b sv\u00e1tk\u016f.Kdy\u017e oprava, \u010di v\u00fdm\u011bna, tak od n\u00e1sAutoskla Praha opravuj\u00ed a vym\u011b\u0148uj\u00ed autoskla zcela zdarma a d\u016fvod je ten, \u017ee spolupracujeme s poji\u0161\u0165ovnami na na\u0161em trhu. Ty uhrad\u00ed platbu za v\u00e1s a my za v\u00e1s dokonce i vyp\u00ed\u0161eme pot\u0159ebn\u00e9 dokumenty. Je to snadn\u00e9, tak pro\u010d toho nevyu\u017e\u00edt.                                                                                                                                                                                                                                                                                                                                                                                                "},{"@context":"https:\/\/schema.org\/","@type":"BreadcrumbList","itemListElement":[{"@type":"ListItem","position":1,"name":"Nezav\u00edr\u00e1me ani o sv\u00e1tc\u00edch","item":"https:\/\/www.esei.cz\/nezavirame-ani-o-svatcich\/#breadcrumbitem"}]}]