[{"@context":"https:\/\/schema.org\/","@type":"Article","@id":"https:\/\/www.esei.cz\/moje-technika\/#Article","mainEntityOfPage":"https:\/\/www.esei.cz\/moje-technika\/","headline":"Moje technika","name":"Moje technika","description":"V\u017edycky jsem si \u0159\u00edkala, \u017ee technick\u00e9 v\u011bci a dal\u0161\u00ed technick\u00e9 vymo\u017eenosti jsou v\u017edycky moje obl\u00edben\u00e9. Proto\u017ee j\u00e1 jsem ho osobn\u011b bych si u\u017e bez techniky nedok\u00e1zala p\u0159edstavit \u017eivot. J\u00e1 toti\u017e velice r\u00e1da sportuji. A doma m\u00e1m taky opravdu spoustu cvi\u010d\u00edc\u00edch stroj\u016f, kter\u00e9 jsou taky vlastn\u011b takov\u00e1 technika, kterou lid\u00e9 pot\u0159ebuj\u00ed. J\u00e1 bych se bez toho [&hellip;]","datePublished":"2022-12-31","dateModified":"2023-08-18","author":{"@type":"Person","@id":"https:\/\/www.esei.cz\/author\/#Person","name":"","url":"https:\/\/www.esei.cz\/author\/","identifier":1,"image":{"@type":"ImageObject","@id":"https:\/\/secure.gravatar.com\/avatar\/aa13f0f1a5b61a2deba1492ce3bb4afe8e77d91eeb44c23db0ee08765a93abad?s=96&d=mm&r=g","url":"https:\/\/secure.gravatar.com\/avatar\/aa13f0f1a5b61a2deba1492ce3bb4afe8e77d91eeb44c23db0ee08765a93abad?s=96&d=mm&r=g","height":96,"width":96}},"publisher":{"@type":"Organization","name":"esei.cz","logo":{"@type":"ImageObject","@id":"\/logo.png","url":"\/logo.png","width":600,"height":60}},"image":{"@type":"ImageObject","@id":"https:\/\/www.esei.cz\/wp-content\/uploads\/televize_1.png","url":"https:\/\/www.esei.cz\/wp-content\/uploads\/televize_1.png","height":0,"width":0},"url":"https:\/\/www.esei.cz\/moje-technika\/","about":["Technika"],"wordCount":400,"articleBody":"V\u017edycky jsem si \u0159\u00edkala, \u017ee technick\u00e9 v\u011bci a dal\u0161\u00ed technick\u00e9 vymo\u017eenosti jsou v\u017edycky moje obl\u00edben\u00e9. Proto\u017ee j\u00e1 jsem ho osobn\u011b bych si u\u017e bez techniky nedok\u00e1zala p\u0159edstavit \u017eivot. J\u00e1 toti\u017e velice r\u00e1da sportuji. A doma m\u00e1m taky opravdu spoustu cvi\u010d\u00edc\u00edch stroj\u016f, kter\u00e9 jsou taky vlastn\u011b takov\u00e1 technika, kterou lid\u00e9 pot\u0159ebuj\u00ed. J\u00e1 bych se bez toho neobe\u0161la. Sice ano, taky chod\u00edm do posilovny, kde to vlastn\u011b taky m\u00e1m. Jenom\u017ee opravdu nejlep\u0161\u00ed je, kdy\u017e to m\u00e1te doma. V\u017edycky se nejrad\u011bji c\u00edt\u00edm skv\u011ble, kdy\u017e mohu cvi\u010dit doma. Proto\u017ee v\u00edm, \u017ee se mohu kdykoliv osprchovat anebo si kdekoliv odsko\u010dit. A taky velice \u010dasto pracuji z domu, tak\u017ee m\u00e1m doma dva notebooky a jeden tablet, to nepo\u010d\u00edt\u00e1m t\u0159i mobiln\u00ed telefony. A jsem toti\u017e velice hodn\u011b pracovn\u011b vyt\u00ed\u017een\u00e1, tak\u017ee jsem r\u00e1da, \u017ee mi technika v ledas\u010dem a mnoha v\u011bcech uleh\u010duje celkem \u017eivot. A jsem taky r\u00e1da, \u017ee tohle je, jinak bych asi byla bezradn\u00e1. Mysl\u00edm si, \u017ee opravdu mnoho lid\u00ed ocen\u00ed techniku, kter\u00e1 lidem usnad\u0148uje pr\u00e1ci, ale ne jenom pr\u00e1ci, ale taky t\u0159eba \u017eivot. Vzpom\u00edn\u00e1m si, kdy jsem t\u0159eba rychle pot\u0159ebovala zavolat kamar\u00e1dce, \u017ee k n\u00ed nem\u016f\u017eu p\u0159ij\u00edt a nem\u016f\u017eu ji vyzvednout autem. A pr\u00e1v\u011b d\u00edky mobiln\u00edmu telefonu jsem se s n\u00ed velice rychle spojila. Nyn\u00ed si \u0159\u00edk\u00e1m, kdyby mobiln\u00ed telefony nebyly, a to ani t\u0159eba po\u010d\u00edta\u010d nebo notebook, tak by tam na m\u011b kamar\u00e1dka asi \u010dekala \u00fapln\u011b zbyte\u010dn\u011b. Nemohla jsem za n\u00ed toti\u017e p\u0159ijet, proto\u017ee m\u011b chytly n\u011bjak\u00e9 \u017ealude\u010dn\u00ed k\u0159e\u010de a v tom p\u0159eci \u0159\u00eddit auto samoz\u0159ejm\u011b nem\u016f\u017eu. A je\u0161t\u011b bych s autem n\u011bkde vybourala. J\u00e1 si toti\u017e d\u00e1v\u00e1m velmi z\u00e1le\u017eet na tom, abych \u0159\u00eddila auto jenom,\u00a0kdy\u017e jsem v pohod\u011b a celkov\u00e9m\u00a0psychick\u00e9m\u00a0klidu. netroufla bych si \u0159\u00eddit, kdybych byla roz\u010d\u00edlen\u00e1. A\u00a0to taky\u00a0pou\u017e\u00edvat n\u011bjakou\u00a0techniku\u00a0v roz\u010d\u00edlen\u00ed? No, u m\u011b to taky\u00a0nep\u0159ipad\u00e1\u00a0v \u00favahu. A jak jste na tom vy? Co vy a stres? Pou\u017e\u00edvali byste slo\u017eitou techniku, kdyby v\u00e1m nebylo dob\u0159e?                                                                                                                                                                                                                                                                                                                                                                                        4.3\/5 - (15 votes)        "},{"@context":"https:\/\/schema.org\/","@type":"BreadcrumbList","itemListElement":[{"@type":"ListItem","position":1,"name":"Moje technika","item":"https:\/\/www.esei.cz\/moje-technika\/#breadcrumbitem"}]}]