[{"@context":"https:\/\/schema.org\/","@type":"Article","@id":"https:\/\/www.esei.cz\/krasne-obleceni\/#Article","mainEntityOfPage":"https:\/\/www.esei.cz\/krasne-obleceni\/","headline":"Kr\u00e1sn\u00e9 oble\u010den\u00ed","name":"Kr\u00e1sn\u00e9 oble\u010den\u00ed","description":"Zima u\u017e je skoro u konce, ale i tak byste si r\u00e1da nakoupila n\u011bjak\u00e9 zimn\u00ed oble\u010den\u00ed, kter\u00e9 by se dalo vyu\u017e\u00edt t\u0159eba i na ja\u0159e? Cht\u011bla byste n\u011bco kvalitn\u00edho, ale je\u0161t\u011b jste nep\u0159i\u0161la na p\u0159esn\u00fd typ od\u011bvu, kter\u00fd by se v\u00e1m hodil? Potom bychom v\u00e1m velice r\u00e1di doporu\u010dili na\u0161e d\u00e1msk\u00e9 svetry, kter\u00e9 se v\u00e1m budou [&hellip;]","datePublished":"2023-07-26","dateModified":"2023-07-26","author":{"@type":"Person","@id":"https:\/\/www.esei.cz\/author\/#Person","name":"","url":"https:\/\/www.esei.cz\/author\/","identifier":1,"image":{"@type":"ImageObject","@id":"https:\/\/secure.gravatar.com\/avatar\/aa13f0f1a5b61a2deba1492ce3bb4afe8e77d91eeb44c23db0ee08765a93abad?s=96&d=mm&r=g","url":"https:\/\/secure.gravatar.com\/avatar\/aa13f0f1a5b61a2deba1492ce3bb4afe8e77d91eeb44c23db0ee08765a93abad?s=96&d=mm&r=g","height":96,"width":96}},"publisher":{"@type":"Organization","name":"esei.cz","logo":{"@type":"ImageObject","@id":"\/logo.png","url":"\/logo.png","width":600,"height":60}},"url":"https:\/\/www.esei.cz\/krasne-obleceni\/","wordCount":265,"articleBody":"Zima u\u017e je skoro u konce, ale i tak byste si r\u00e1da nakoupila n\u011bjak\u00e9 zimn\u00ed oble\u010den\u00ed, kter\u00e9 by se dalo vyu\u017e\u00edt t\u0159eba i na ja\u0159e? Cht\u011bla byste n\u011bco kvalitn\u00edho, ale je\u0161t\u011b jste nep\u0159i\u0161la na p\u0159esn\u00fd typ od\u011bvu, kter\u00fd by se v\u00e1m hodil? Potom bychom v\u00e1m velice r\u00e1di doporu\u010dili na\u0161e d\u00e1msk\u00e9 svetry, kter\u00e9 se v\u00e1m budou zaru\u010den\u011b l\u00edbit, a v\u011b\u0159te tomu, \u017ee se budou hodit i p\u0159i jarn\u00edm po\u010das\u00ed! Bude libo \u010dern\u00fd, \u010derven\u00fd, \u0161ed\u00fd nebo snad n\u011bjakou pastelovou barvi\u010dku? M\u00e1me pro v\u00e1s \u0161irok\u00fd sortiment, ze kter\u00e9ho si m\u016f\u017eete vybrat to prav\u00e9 o\u0159echov\u00e9, co v\u00e1s v zim\u011b pod kab\u00e1tem skute\u010dn\u011b zah\u0159eje a co v\u00e1m v jarn\u00edm po\u010das\u00ed nahrad\u00ed lehk\u00fd kab\u00e1tek, ve kter\u00e9m byste si jinak vyrazila.Zah\u0159ejte seUvid\u00edte, \u017ee se v\u00e1m bude l\u00edbit, kdy\u017e si budete moci vyrazit jen tak v rozep\u00ednac\u00edm svet\u0159\u00edku, kdy\u017e bude zlehka h\u0159\u00e1t jarn\u00ed slun\u00ed\u010dko. V nab\u00eddce naleznete mnoho zaj\u00edmav\u00e9ho, tak\u017ee u\u017e si sta\u010d\u00ed zvolit produkt podle sv\u00e9ho vlastn\u00edho vkusu nebo si naj\u00edt n\u011bjak\u00fd svet\u0159\u00edk, kter\u00fd v\u00e1m bude perfektn\u011b sed\u011bt k nov\u00fdm koza\u010dk\u00e1m \u010di lodi\u010dk\u00e1m a vy pak budete je\u0161t\u011b kr\u00e1sn\u011bj\u0161\u00ed, ne\u017e d\u0159\u00edv! Kdybyste pot\u0159ebovala jakoukoli radu \u010di pomoc, ur\u010dit\u011b se na n\u00e1s obra\u0165te.                                                                                                                                                                                                                                                                                                                                                                                        4.5\/5 - (4 votes)        "},{"@context":"https:\/\/schema.org\/","@type":"BreadcrumbList","itemListElement":[{"@type":"ListItem","position":1,"name":"Kr\u00e1sn\u00e9 oble\u010den\u00ed","item":"https:\/\/www.esei.cz\/krasne-obleceni\/#breadcrumbitem"}]}]