[{"@context":"https:\/\/schema.org\/","@type":"Article","@id":"https:\/\/www.esei.cz\/krasne-latky\/#Article","mainEntityOfPage":"https:\/\/www.esei.cz\/krasne-latky\/","headline":"Kr\u00e1sn\u00e9 l\u00e1tky","name":"Kr\u00e1sn\u00e9 l\u00e1tky","description":"V\u017edycky jsem cht\u011bla d\u011blat n\u011bco rukama, co by m\u011b opravdu hodn\u011b bavilo. A jako mal\u00e1 holka jsem moc r\u00e1da vy\u0161\u00edvala anebo d\u011blala r\u016fzn\u00e9 dekora\u010dn\u00ed l\u00e1tky, kter\u00e9 potom moje maminka sb\u00edrala a taky je d\u00e1vala na v\u00fdstavu. Jestli si vzpom\u00edn\u00e1te na ty star\u00e9 doby, kdy jist\u011b nap\u0159\u00edklad vy\u0161\u00edvan\u00e9 l\u00e1tky anebo vy\u0161\u00edvan\u00e9 obr\u00e1zky byly zcela norm\u00e1ln\u00ed. A [&hellip;]","datePublished":"2023-01-14","dateModified":"2023-05-19","author":{"@type":"Person","@id":"https:\/\/www.esei.cz\/author\/#Person","name":"","url":"https:\/\/www.esei.cz\/author\/","identifier":1,"image":{"@type":"ImageObject","@id":"https:\/\/secure.gravatar.com\/avatar\/aa13f0f1a5b61a2deba1492ce3bb4afe8e77d91eeb44c23db0ee08765a93abad?s=96&d=mm&r=g","url":"https:\/\/secure.gravatar.com\/avatar\/aa13f0f1a5b61a2deba1492ce3bb4afe8e77d91eeb44c23db0ee08765a93abad?s=96&d=mm&r=g","height":96,"width":96}},"publisher":{"@type":"Organization","name":"esei.cz","logo":{"@type":"ImageObject","@id":"\/logo.png","url":"\/logo.png","width":600,"height":60}},"image":{"@type":"ImageObject","@id":"https:\/\/www.esei.cz\/wp-content\/uploads\/antique-1838324_960_720_1.jpg","url":"https:\/\/www.esei.cz\/wp-content\/uploads\/antique-1838324_960_720_1.jpg","height":0,"width":0},"url":"https:\/\/www.esei.cz\/krasne-latky\/","about":["V\u00fdrobky"],"wordCount":427,"articleBody":"      V\u017edycky jsem cht\u011bla d\u011blat n\u011bco rukama, co by m\u011b opravdu hodn\u011b bavilo. A jako mal\u00e1 holka jsem moc r\u00e1da vy\u0161\u00edvala anebo d\u011blala r\u016fzn\u00e9 dekora\u010dn\u00ed l\u00e1tky, kter\u00e9 potom moje maminka sb\u00edrala a taky je d\u00e1vala na v\u00fdstavu. Jestli si vzpom\u00edn\u00e1te na ty star\u00e9 doby, kdy jist\u011b nap\u0159\u00edklad vy\u0161\u00edvan\u00e9 l\u00e1tky anebo vy\u0161\u00edvan\u00e9 obr\u00e1zky byly zcela norm\u00e1ln\u00ed. A to taky moje babi\u010dka a taky prababi\u010dka tohle d\u011blaly. A mn\u011b se to l\u00edbilo opravdu hodn\u011b, kdy\u017e jsem je\u0161t\u011b byla mal\u00e9 d\u00edt\u011b. A proto\u017ee jsem v\u011bt\u0161inou voln\u00e9ho \u010dasu tr\u00e1vila hlavn\u011b u babi\u010dky a u d\u011bdy na vesnici, tak jsem se to taky od babi\u010dky nau\u010dila. Moje babi\u010dka m\u011b u\u017e v \u0161esti letech nau\u010dila opravdu kr\u00e1sn\u011b vy\u0161\u00edvat a mus\u00edm uznat, \u017ee jsem r\u00e1da, \u017ee m\u011b tohle babi\u010dka nau\u010dila. Proto\u017ee potom jsem taky \u0161la do krou\u017eku, kde se vyr\u00e1b\u00ed ru\u010dn\u00ed l\u00e1tky anebo taky ubrusy. A dokonce u\u017e v jeden\u00e1cti letech jsem vy\u0161ila opravdu n\u00e1dhern\u00e9 ubrus. Proto jsem si taky velice zamilovala dekora\u010dn\u00ed l\u00e1tky, ve kter\u00fdch jde d\u011blat opravdu v\u0161echno. A taky m\u011b p\u0159ekvapilo, \u017ee dekora\u010dn\u00ed l\u00e1tky nejsou tak p\u0159edra\u017een\u00e9, jak jsem si myslela. Nakonec v\u0161echno dopadlo skv\u011ble, a tak jsem se se sv\u00fdm p\u0159\u00edtelem v budoucnu domluvila, \u017ee bych si mohla otev\u0159\u00edt sv\u016fj vlastn\u00ed obchod, kde bych prod\u00e1vala sv\u00e9 vlastn\u00ed dekora\u010dn\u00ed l\u00e1tky.Ani nev\u00edte, jak opravdu moc m\u011b bav\u00ed dekorovat l\u00e1tky. T\u0159eba pou\u017e\u00edv\u00e1m tak\u00e9 r\u016fzn\u00e9 fixy na textil anebo r\u016fzn\u00e9 barvy, kter\u00e9 jdou potom n\u011bjak\u00e9 vyprat a n\u011bkter\u00e9 nejdou, \u017ee tam ta barva z\u016fstane nast\u00e1lo. Mn\u011b se tohle l\u00edb\u00ed a mysl\u00edm si, \u017ee bych taky m\u011bla docela hodn\u011b z\u00e1kazn\u00edk\u016f, kte\u0159\u00ed by ode m\u011b kupovali moc r\u00e1di dekora\u010dn\u00ed l\u00e1tky. A co d\u011bl\u00e1te nejrad\u011bji vy? Taky pat\u0159\u00edte k t\u011bm lidem, kte\u0159\u00ed maj\u00ed r\u00e1di vy\u0161\u00edv\u00e1n\u00ed nebo t\u0159eba n\u011bco \u0161ij\u00ed, n\u011bjak\u00e9 oble\u010den\u00ed? Pokud ano, tak mi jist\u011b taky d\u00e1te zapravdu, \u017ee vy\u0161\u00edv\u00e1n\u00ed nebo hled\u00e1n\u00ed dekora\u010dn\u00edch l\u00e1tek je opravdu velk\u00fd relax. Alespo\u0148 tedy pro m\u011b. V\u017edycky si u t\u00e9to p\u0159\u00edjemn\u00e9 pr\u00e1ce hodn\u011b odpo\u010dinu.                                                                                                                                                                                                                                                                                                                                                                                           4\/5 - (13 votes)        "},{"@context":"https:\/\/schema.org\/","@type":"BreadcrumbList","itemListElement":[{"@type":"ListItem","position":1,"name":"Kr\u00e1sn\u00e9 l\u00e1tky","item":"https:\/\/www.esei.cz\/krasne-latky\/#breadcrumbitem"}]}]