[{"@context":"https:\/\/schema.org\/","@type":"Article","@id":"https:\/\/www.esei.cz\/kamen-bude-ozdobou-vaseho-interieru\/#Article","mainEntityOfPage":"https:\/\/www.esei.cz\/kamen-bude-ozdobou-vaseho-interieru\/","headline":"K\u00e1men bude ozdobou va\u0161eho interi\u00e9ru","name":"K\u00e1men bude ozdobou va\u0161eho interi\u00e9ru","description":"Kdy\u017e hled\u00e1te takovou kuchyni, kter\u00e1 bude ze v\u0161ech \u00fahl\u016f pohledu vypadat opravdu moc dob\u0159e, zvolte si proveden\u00ed s kamenem, a\u0165 u\u017e s t\u00edm p\u0159\u00edrodn\u00edm anebo s um\u011bl\u00fdm. K\u00e1men je na pohled kr\u00e1sn\u00fd p\u0159\u00edrodn\u00ed materi\u00e1l, kter\u00fd nikoho nenech\u00e1 na pochyb\u00e1ch, \u017ee m\u00e1te vkus. A jist\u00e9 je i to, \u017ee za v\u0161ech okolnost\u00ed skv\u011ble zapadne do va\u0161eho [&hellip;]","datePublished":"2019-09-12","dateModified":"2023-05-19","author":{"@type":"Person","@id":"https:\/\/www.esei.cz\/author\/#Person","name":"","url":"https:\/\/www.esei.cz\/author\/","identifier":1,"image":{"@type":"ImageObject","@id":"https:\/\/secure.gravatar.com\/avatar\/aa13f0f1a5b61a2deba1492ce3bb4afe8e77d91eeb44c23db0ee08765a93abad?s=96&d=mm&r=g","url":"https:\/\/secure.gravatar.com\/avatar\/aa13f0f1a5b61a2deba1492ce3bb4afe8e77d91eeb44c23db0ee08765a93abad?s=96&d=mm&r=g","height":96,"width":96}},"publisher":{"@type":"Organization","name":"esei.cz","logo":{"@type":"ImageObject","@id":"\/logo.png","url":"\/logo.png","width":600,"height":60}},"image":{"@type":"ImageObject","@id":"https:\/\/www.esei.cz\/wp-content\/uploads\/img_a339790_w1697_t1552901424.jpg","url":"https:\/\/www.esei.cz\/wp-content\/uploads\/img_a339790_w1697_t1552901424.jpg","height":0,"width":0},"url":"https:\/\/www.esei.cz\/kamen-bude-ozdobou-vaseho-interieru\/","about":["D\u016fm a zahrada"],"wordCount":428,"articleBody":"Kdy\u017e hled\u00e1te takovou kuchyni, kter\u00e1 bude ze v\u0161ech \u00fahl\u016f pohledu vypadat opravdu moc dob\u0159e, zvolte si proveden\u00ed s kamenem, a\u0165 u\u017e s t\u00edm p\u0159\u00edrodn\u00edm anebo s um\u011bl\u00fdm. K\u00e1men je na pohled kr\u00e1sn\u00fd p\u0159\u00edrodn\u00ed materi\u00e1l, kter\u00fd nikoho nenech\u00e1 na pochyb\u00e1ch, \u017ee m\u00e1te vkus. A jist\u00e9 je i to, \u017ee za v\u0161ech okolnost\u00ed skv\u011ble zapadne do va\u0161eho interi\u00e9ru. A tak\u00e9 hodn\u011b vydr\u017e\u00ed.&#13; &#13; &#13; &#13; Nav\u00edc, nyn\u00ed jsou v m\u00f3d\u011b interi\u00e9ry lad\u011bn\u00e9 do \u0161ed\u00fdch barev, a to dod\u00e1v\u00e1 pou\u017eit\u00ed kamene na atraktivit\u011b. V takov\u00e9m p\u0159\u00edpad\u011b si m\u016f\u017eete volit z bohat\u00e9 palety odst\u00edn\u016f \u0161ed\u00e9 barvy, tak\u017ee je jist\u00e9, \u017ee mezi nimi hrav\u011b naraz\u00edte na takov\u00fd, jak\u00fd se bude nejv\u00edce l\u00edbit pr\u00e1v\u011b v\u00e1m. K dispozici jsou d\u00e1le tak\u00e9 odst\u00edny b\u00e9\u017eov\u00e9, b\u00edl\u00e1 a \u010dern\u00e1 barva.&#13; &#13; K\u00e1men m\u016f\u017eete v interi\u00e9ru pou\u017e\u00edt na mnoho zp\u016fsob\u016f, a\u0165 u\u017e jde o pracovn\u00ed desku kuchy\u0148sk\u00e9 linky anebo o takzvan\u00e1 z\u00e1da kuchyn\u011b. Nicm\u00e9n\u011b kr\u00e1sn\u00e9 budou i jin\u00e9 obkladov\u00e9 desky do kuchyn\u011b, t\u0159eba jako kamenn\u00e9 obklady na st\u011bn\u00e1ch, na zemi anebo kamenn\u00e9 parapety \u010di barov\u00fd stolek.&#13; Tradi\u010dn\u00edmi materi\u00e1ly volen\u00fdmi k t\u011bmto pot\u0159eb\u00e1m jsou p\u0159edev\u0161\u00edm \u017eula a mramor, a samoz\u0159ejm\u011b tak\u00e9 um\u011bl\u00fd k\u00e1men. Ten dokonce ob\u011b dv\u011b zm\u00edn\u011bn\u00e9 horniny je\u0161t\u011b v mnoh\u00e9m p\u0159evy\u0161uje.&#13; &#13; &#13; &#13; Um\u011bl\u00fd k\u00e1men je z v\u00edce ne\u017e devades\u00e1ti procent tvo\u0159en\u00fd kamenem p\u0159\u00edrodn\u00edm, tak\u017ee m\u00e1 stejn\u011b kr\u00e1snou barvu a strukturu a jen m\u00e1lokdo pozn\u00e1, \u017ee nejde o k\u00e1men p\u0159\u00edrodn\u00ed, ale ten um\u011bl\u00fd, zpracovan\u00fd s pomoc\u00ed nejmodern\u011bj\u0161\u00edch technologi\u00ed.&#13; Um\u011bl\u00fd k\u00e1men obsahuje mimo p\u0159\u00edrodn\u00ed horninu tak\u00e9 chyt\u0159e zvolen\u00e9 p\u0159\u00edm\u011bsi, kter\u00e9 zlep\u0161ily jeho vlastnosti tam, kde p\u0159\u00edroda zav\u00e1hala. D\u00edky tomu um\u011bl\u00fd k\u00e1men netrp\u00ed p\u00f3rovitost\u00ed a nas\u00e1kavost\u00ed, co\u017e je v\u00fdhodn\u00e9, proto\u017ee nep\u0159ej\u00edm\u00e1 ciz\u00ed barvy, pachy, a tak\u00e9 nenas\u00e1v\u00e1 r\u016fzn\u00e9 tekutiny. Tak\u017ee na n\u011bm nepozn\u00e1te, co jste d\u011blali p\u0159edchoz\u00ed den k ob\u011bdu. Jeho \u00fadr\u017eba je snadn\u00e1 i proto, \u017ee na n\u011bm neulp\u00edvaj\u00ed skvrny a jeho barva nem\u016f\u017ee p\u016fsoben\u00edm kyselin vyblednout. Nav\u00edc, pokud na n\u011bj postav\u00edte rozp\u00e1len\u00fd pek\u00e1\u010d z trouby, tak se tak\u00e9 v\u016fbec nic nestane.&#13; &#13;                                                                                                                                                                                                                                                                                                                                                                                         4.4\/5 - (9 votes)        "},{"@context":"https:\/\/schema.org\/","@type":"BreadcrumbList","itemListElement":[{"@type":"ListItem","position":1,"name":"K\u00e1men bude ozdobou va\u0161eho interi\u00e9ru","item":"https:\/\/www.esei.cz\/kamen-bude-ozdobou-vaseho-interieru\/#breadcrumbitem"}]}]