[{"@context":"https:\/\/schema.org\/","@type":"Article","@id":"https:\/\/www.esei.cz\/idealni-pokojicek\/#Article","mainEntityOfPage":"https:\/\/www.esei.cz\/idealni-pokojicek\/","headline":"Ide\u00e1ln\u00ed pokoj\u00ed\u010dek","name":"Ide\u00e1ln\u00ed pokoj\u00ed\u010dek","description":"V\u0161ichni rodi\u010de cht\u011bj\u00ed sv\u00fdm d\u011btem samoz\u0159ejm\u011b p\u0159ichystat ten nejlep\u0161\u00ed a nejhez\u010d\u00ed pokoj\u00ed\u010dek. Mus\u00ed b\u00fdt z\u00e1rove\u0148 tak\u00e9 bezpe\u010dn\u00fd a klidn\u00fd. Vhodn\u00fd na d\u011btsk\u00e9 hry, ale tak\u00e9 na u\u010den\u00ed a odpo\u010dinek. Jak to za\u0159\u00eddit, aby se n\u00e1m to povedlo? Aby se d\u011btem jejich pokoj l\u00edbil, dob\u0159e se v n\u011bm c\u00edtily, mohly zde v klidu sp\u00e1t, u\u010dit se [&hellip;]","datePublished":"2021-05-14","dateModified":"2023-05-19","author":{"@type":"Person","@id":"https:\/\/www.esei.cz\/author\/#Person","name":"","url":"https:\/\/www.esei.cz\/author\/","identifier":1,"image":{"@type":"ImageObject","@id":"https:\/\/secure.gravatar.com\/avatar\/aa13f0f1a5b61a2deba1492ce3bb4afe8e77d91eeb44c23db0ee08765a93abad?s=96&d=mm&r=g","url":"https:\/\/secure.gravatar.com\/avatar\/aa13f0f1a5b61a2deba1492ce3bb4afe8e77d91eeb44c23db0ee08765a93abad?s=96&d=mm&r=g","height":96,"width":96}},"publisher":{"@type":"Organization","name":"esei.cz","logo":{"@type":"ImageObject","@id":"\/logo.png","url":"\/logo.png","width":600,"height":60}},"image":{"@type":"ImageObject","@id":"https:\/\/www.esei.cz\/wp-content\/uploads\/miminko_2.jpeg","url":"https:\/\/www.esei.cz\/wp-content\/uploads\/miminko_2.jpeg","height":0,"width":0},"url":"https:\/\/www.esei.cz\/idealni-pokojicek\/","about":["V\u00fdrobky"],"wordCount":447,"articleBody":"V\u0161ichni rodi\u010de cht\u011bj\u00ed sv\u00fdm d\u011btem samoz\u0159ejm\u011b p\u0159ichystat ten nejlep\u0161\u00ed a nejhez\u010d\u00ed pokoj\u00ed\u010dek. Mus\u00ed b\u00fdt z\u00e1rove\u0148 tak\u00e9 bezpe\u010dn\u00fd a klidn\u00fd. Vhodn\u00fd na d\u011btsk\u00e9 hry, ale tak\u00e9 na u\u010den\u00ed a odpo\u010dinek. Jak to za\u0159\u00eddit, aby se n\u00e1m to povedlo? Aby se d\u011btem jejich pokoj l\u00edbil, dob\u0159e se v n\u011bm c\u00edtily, mohly zde v klidu sp\u00e1t, u\u010dit se i trochu \u0159\u00e1dit? Na co se zam\u011b\u0159\u00edme?Vhodn\u00fd n\u00e1bytekPro spokojen\u00fd no\u010dn\u00ed sp\u00e1nek po\u0159\u00edd\u00edme kvalitn\u00ed postele s kvalitn\u00edmi matracemi. A pro odpo\u010dinek b\u011bhem dne se v\u00fdborn\u011b hod\u00ed t\u0159eba n\u011bkter\u00fd p\u011bkn\u00fd sedac\u00ed pytel. Z dal\u0161\u00edho n\u00e1bytku pak pot\u0159ebujeme dostate\u010dn\u011b velkou sk\u0159\u00ed\u0148 na oble\u010den\u00ed a pr\u00e1dlo. A vhodn\u00e9 m\u00edsto pro ulo\u017een\u00ed hra\u010dek, kn\u00ed\u017eek a jin\u00fdch d\u011btsk\u00fdch \u201epoklad\u016f\u201c. Dob\u0159e se k tomu hod\u00ed nap\u0159\u00edklad r\u016fzn\u00e9 policov\u00e9 syst\u00e9my dopln\u011bn\u00e9 barevn\u00fdmi box\u00edky. Tak\u00e9 nesm\u00edme zapomenout na psac\u00ed stoly se \u017eidlemi.V\u0161e dob\u0159e zm\u011b\u0159\u00edmeVelikosti mus\u00ed odpov\u00eddat v\u017edy v\u011bku a v\u00fd\u0161ce d\u011bt\u00ed! Na to db\u00e1me i u jin\u00fdch kousk\u016f n\u00e1bytku i jin\u00e9ho vybaven\u00ed. Z n\u00e1bytku jsou praktick\u00e9 ty modely, jejich\u017e velikost se d\u00e1 m\u011bnit a \u201erostou\u201c tak spole\u010dn\u011b s d\u011btmi. Pod\u00edv\u00e1me se v\u017edy na pokoj\u00ed\u010dek \u201ed\u011btsk\u00fdma o\u010dima\u201c. Dos\u00e1hneme nap\u0159\u00edklad pohodln\u011b a bezpe\u010dn\u011b na v\u0161echny pot\u0159ebn\u00e9 v\u011bci? Nebo tak\u00e9 na vyp\u00edna\u010de sv\u011btel? Je to d\u016fle\u017eit\u00e9!Vyb\u00edr\u00e1me barvyPro miminka a batolata, kter\u00e1 str\u00e1v\u00ed v\u011bt\u0161inu \u010dasu v pokoj\u00ed\u010dku sp\u00e1nkem, vyb\u00edr\u00e1me uklid\u0148uj\u00edc\u00ed barvy. B\u00edlou klasiku \u010di nejsv\u011btlej\u0161\u00ed barevn\u00e9 t\u00f3ny. U d\u011bt\u00ed v\u011bt\u0161\u00edch m\u016f\u017eeme na pestrosti barev v\u00fdmalby i vybaven\u00ed p\u0159idat, maj\u00ed to v\u011bt\u0161inou r\u00e1dy. Odborn\u00edci ov\u0161em rad\u00ed barevnost s d\u011btmi p\u0159edem probrat. Vn\u00edm\u00e1n\u00ed barev i pocity z nich jsou u ka\u017ed\u00e9ho z n\u00e1s z\u00e1le\u017eitosti zna\u010dn\u011b individu\u00e1ln\u00ed. Mohli bychom s vybran\u00fdmi barvami \u201enarazit\u201c. Ona toti\u017e ne ka\u017ed\u00e1 princezni\u010dka m\u00e1 v oblib\u011b sladkou r\u016f\u017eovou. A ne ka\u017ed\u00fd kluk chce m\u00edt v pokoji v\u0161e v modr\u00fdch barv\u00e1ch. Z pestr\u00e9 barevn\u00e9 palety proto v\u017edy vyb\u00edr\u00e1me tak, aby se na\u0161e d\u011bti ve sv\u00e9m pokoj\u00ed\u010dku p\u0159edev\u0161\u00edm dob\u0159e c\u00edtily!                                                                                                                                                                                                                                                                                                                                                                                         3.8\/5 - (12 votes)        "},{"@context":"https:\/\/schema.org\/","@type":"BreadcrumbList","itemListElement":[{"@type":"ListItem","position":1,"name":"Ide\u00e1ln\u00ed pokoj\u00ed\u010dek","item":"https:\/\/www.esei.cz\/idealni-pokojicek\/#breadcrumbitem"}]}]