[{"@context":"https:\/\/schema.org\/","@type":"Article","@id":"https:\/\/www.esei.cz\/co-vam-nesmi-chybet-pri-ceste-na-hory\/#Article","mainEntityOfPage":"https:\/\/www.esei.cz\/co-vam-nesmi-chybet-pri-ceste-na-hory\/","headline":"Co v\u00e1m nesm\u00ed chyb\u011bt p\u0159i cest\u011b na hory","name":"Co v\u00e1m nesm\u00ed chyb\u011bt p\u0159i cest\u011b na hory","description":"","datePublished":"2022-12-25","dateModified":"2023-05-19","author":{"@type":"Person","@id":"https:\/\/www.esei.cz\/author\/#Person","name":"","url":"https:\/\/www.esei.cz\/author\/","identifier":1,"image":{"@type":"ImageObject","@id":"https:\/\/secure.gravatar.com\/avatar\/aa13f0f1a5b61a2deba1492ce3bb4afe8e77d91eeb44c23db0ee08765a93abad?s=96&d=mm&r=g","url":"https:\/\/secure.gravatar.com\/avatar\/aa13f0f1a5b61a2deba1492ce3bb4afe8e77d91eeb44c23db0ee08765a93abad?s=96&d=mm&r=g","height":96,"width":96}},"publisher":{"@type":"Organization","name":"esei.cz","logo":{"@type":"ImageObject","@id":"\/logo.png","url":"\/logo.png","width":600,"height":60}},"image":{"@type":"ImageObject","@id":"https:\/\/www.esei.cz\/wp-content\/uploads\/man-498473__480.jpg","url":"https:\/\/www.esei.cz\/wp-content\/uploads\/man-498473__480.jpg","height":0,"width":0},"url":"https:\/\/www.esei.cz\/co-vam-nesmi-chybet-pri-ceste-na-hory\/","about":["V\u00fdrobky"],"wordCount":0,"articleBody":"   "},{"@context":"https:\/\/schema.org\/","@type":"BreadcrumbList","itemListElement":[{"@type":"ListItem","position":1,"name":"Co v\u00e1m nesm\u00ed chyb\u011bt p\u0159i cest\u011b na hory","item":"https:\/\/www.esei.cz\/co-vam-nesmi-chybet-pri-ceste-na-hory\/#breadcrumbitem"}]}]